{"id":382,"date":"2013-01-12T16:40:13","date_gmt":"2013-01-12T16:40:13","guid":{"rendered":"http:\/\/www.horter.de\/blog\/?p=382"},"modified":"2021-04-25T11:15:32","modified_gmt":"2021-04-25T11:15:32","slug":"protool-in-der-vm-ware-mit-usb-adapter","status":"publish","type":"post","link":"https:\/\/www.horter.de\/blog\/protool-in-der-vm-ware-mit-usb-adapter\/","title":{"rendered":"ProTool in der VM-Ware mit USB-Adapter"},"content":{"rendered":"<p>SIEMENS PROTOOL l\u00e4uft in der VMWare.<\/p>\n<p>In folgende Testumgebung haben wir jetzt auch Protool Version 6 SP3 erfolgreich zum Laufen bekommen.<\/p>\n<ul>\n<li>Betriebssystem Windows 7 Pro 64 Bit<\/li>\n<li>Kostenloser Vmware Player Version 5.0.1 build-894247<\/li>\n<li>Installiertes Microsoft Windows XP Professional 32 Bit SP3<\/li>\n<li>Protool Version 6 SP3 installiert<\/li>\n<li>In der Systemsteuerung waren zwei serielle Schnittstellen vorinstalliert COM1 und COM2 obwohl der\u00a0PC keine physikalischen Schnittstellen hat?? Die COM2 habe ich \u00fcber das Kontextmen\u00fc &#8222;Deinstallieren&#8220; entfernt.<\/li>\n<li>Anschlie\u00dfend in der\u00a0XP-Umgebung unseren\u00a0<a title=\"USB-RS232-Adapter speziell f\u00fcr SPS-Anwendungen\" href=\"https:\/\/www.horter-shop.de\/de\/sps-zubehor\/170-usb-rs232-adapter-speziell-fur-sps-anwendungen-4260404260394.html\" target=\"_blank\" rel=\"noopener\">USB-RS232-Adapter speziell f\u00fcr SPS-Anwendungen<\/a> installiert.<\/li>\n<li>\u00dcber das Kontextmen\u00fc in der Systemsteuerung habe ich der neuen COM Schnittstelle COM2 zugewiesen.<br \/>\nRechte Maustaste auf den COM Port &#8211; Eigenschaften &#8211; Anschlusseinstellungen &#8211; Taste Erweitert &#8211; COM Anschlussnummer (Bild siehe unten).<\/li>\n<li>Protool starten und Transfereinstellungen COM2 38400 Baud einstellen<\/li>\n<li>So jetzt das Operatorpanel url\u00f6schen weil in der Projektierung der Punkt Transfer nicht eingebaut wurde.<br \/>\nTIPP: Die Panels k\u00f6nnen wie folgt gel\u00f6scht werden: Cursor down + Cursor right und ESC gleichzeitig dr\u00fccken und Spannung einschalten. ERASE FLASH wird angezeigt danach READY FOR TRANSFER<\/li>\n<li>Unser <a title=\"Ladekabel f\u00fcr S5-OPs 2,5m mit prof. Steckergeh\u00e4use\" href=\"https:\/\/www.horter.de\/shop\/sps_zubehoer_op_ladekabel\/ladekabel_fuer_s5_ops_2_5m_mit_prof_steckergehaeuse4608.html\" target=\"_blank\" rel=\"noopener\">Ladekabel f\u00fcr S5-OPs 2,5m mit prof. Steckergeh\u00e4use<\/a> (oder das Orginal von SIEMENS 6XV1440-2KH32) zwischen den USB-RS232-Adapter und dem OP-7 stecken.<\/li>\n<li>Projekttransfer starten Strg+T &#8230;&#8230;<\/li>\n<li>In der Statuszeile erscheint folgende Meldung &#8222;Serielle Verbindung wird an COM2 mit 38400 Baud aufgebaut&#8230;&#8220;<\/li>\n<\/ul>\n<p>Das Projekt wird \u00fcbertragen\u00a0\u2013 Es funktioniert <img decoding=\"async\" src=\"https:\/\/www.horter.de\/blog\/wp-includes\/images\/smilies\/icon_smile.gif\" alt=\":-)\" \/><\/p>\n<p>&nbsp;<\/p>\n<div id=\"attachment_384\" style=\"width: 281px\" class=\"wp-caption alignnone\"><a href=\"https:\/\/www.horter.de\/blog\/protool-in-der-vm-ware-mit-usb-adapter\/com_einstellen_2\/\" rel=\"attachment wp-att-384\"><img loading=\"lazy\" decoding=\"async\" aria-describedby=\"caption-attachment-384\" class=\"size-medium wp-image-384\" src=\"https:\/\/www.horter.de\/blog\/wp-content\/uploads\/2013\/01\/Com_einstellen_2-271x300.jpg\" alt=\"COM-Port Eigenschaften einstellen\" width=\"271\" height=\"300\" srcset=\"https:\/\/www.horter.de\/blog\/wp-content\/uploads\/2013\/01\/Com_einstellen_2-271x300.jpg 271w, https:\/\/www.horter.de\/blog\/wp-content\/uploads\/2013\/01\/Com_einstellen_2.jpg 412w\" sizes=\"auto, (max-width: 271px) 100vw, 271px\" \/><\/a><p id=\"caption-attachment-384\" class=\"wp-caption-text\">COM-Port Eigenschaften einstellen<\/p><\/div>\n<div id=\"attachment_385\" style=\"width: 310px\" class=\"wp-caption alignnone\"><a href=\"https:\/\/www.horter.de\/blog\/protool-in-der-vm-ware-mit-usb-adapter\/com_einstellen_1\/\" rel=\"attachment wp-att-385\"><img loading=\"lazy\" decoding=\"async\" aria-describedby=\"caption-attachment-385\" class=\"size-medium wp-image-385\" src=\"https:\/\/www.horter.de\/blog\/wp-content\/uploads\/2013\/01\/Com_einstellen_1-300x216.jpg\" alt=\"COM2 zuweisen\" width=\"300\" height=\"216\" srcset=\"https:\/\/www.horter.de\/blog\/wp-content\/uploads\/2013\/01\/Com_einstellen_1-300x216.jpg 300w, https:\/\/www.horter.de\/blog\/wp-content\/uploads\/2013\/01\/Com_einstellen_1.jpg 660w\" sizes=\"auto, (max-width: 300px) 100vw, 300px\" \/><\/a><p id=\"caption-attachment-385\" class=\"wp-caption-text\">COM2 zuweisen<\/p><\/div>\n<div id=\"attachment_383\" style=\"width: 310px\" class=\"wp-caption alignnone\"><a href=\"https:\/\/www.horter.de\/blog\/protool-in-der-vm-ware-mit-usb-adapter\/protool_vmware\/\" rel=\"attachment wp-att-383\"><img loading=\"lazy\" decoding=\"async\" aria-describedby=\"caption-attachment-383\" class=\"size-medium wp-image-383\" src=\"https:\/\/www.horter.de\/blog\/wp-content\/uploads\/2013\/01\/protool_vmware-300x172.jpg\" alt=\"Daten\u00fcbertragung aus Protool in der VMWare\" width=\"300\" height=\"172\" srcset=\"https:\/\/www.horter.de\/blog\/wp-content\/uploads\/2013\/01\/protool_vmware-300x172.jpg 300w, https:\/\/www.horter.de\/blog\/wp-content\/uploads\/2013\/01\/protool_vmware-1024x587.jpg 1024w, https:\/\/www.horter.de\/blog\/wp-content\/uploads\/2013\/01\/protool_vmware.jpg 1725w\" sizes=\"auto, (max-width: 300px) 100vw, 300px\" \/><\/a><p id=\"caption-attachment-383\" class=\"wp-caption-text\">Daten\u00fcbertragung aus Protool in der VMWare<\/p><\/div>\n","protected":false},"excerpt":{"rendered":"<p>SIEMENS PROTOOL l\u00e4uft in der VMWare. In folgende Testumgebung haben wir jetzt auch Protool Version 6 SP3 erfolgreich zum Laufen bekommen. Betriebssystem Windows 7 Pro 64 Bit Kostenloser Vmware Player Version 5.0.1 build-894247 Installiertes Microsoft Windows XP Professional 32 Bit&#8230; <a class=\"continue-reading-link\" href=\"https:\/\/www.horter.de\/blog\/protool-in-der-vm-ware-mit-usb-adapter\/\">mehr lesen<\/a><\/p>\n","protected":false},"author":3,"featured_media":0,"comment_status":"open","ping_status":"open","sticky":false,"template":"","format":"standard","meta":{"footnotes":""},"categories":[4],"tags":[53,6,13,52,50,51],"class_list":["post-382","post","type-post","status-publish","format-standard","hentry","category-sps-zubehoer","tag-protool","tag-siemens","tag-simatic","tag-usb-rs232-adapter","tag-vmware","tag-vmware-player"],"yoast_head":"<!-- This site is optimized with the Yoast SEO plugin v26.8 - https:\/\/yoast.com\/product\/yoast-seo-wordpress\/ -->\n<title>ProTool in der VM-Ware mit USB-Adapter - Horter &amp; Kalb Blog<\/title>\n<meta name=\"robots\" content=\"index, follow, max-snippet:-1, max-image-preview:large, max-video-preview:-1\" \/>\n<link rel=\"canonical\" href=\"https:\/\/www.horter.de\/blog\/protool-in-der-vm-ware-mit-usb-adapter\/\" \/>\n<meta property=\"og:locale\" content=\"de_DE\" \/>\n<meta property=\"og:type\" content=\"article\" \/>\n<meta property=\"og:title\" content=\"ProTool in der VM-Ware mit USB-Adapter - Horter &amp; Kalb Blog\" \/>\n<meta property=\"og:description\" content=\"SIEMENS PROTOOL l\u00e4uft in der VMWare. In folgende Testumgebung haben wir jetzt auch Protool Version 6 SP3 erfolgreich zum Laufen bekommen. Betriebssystem Windows 7 Pro 64 Bit Kostenloser Vmware Player Version 5.0.1 build-894247 Installiertes Microsoft Windows XP Professional 32 Bit... mehr lesen\" \/>\n<meta property=\"og:url\" content=\"https:\/\/www.horter.de\/blog\/protool-in-der-vm-ware-mit-usb-adapter\/\" \/>\n<meta property=\"og:site_name\" content=\"Horter &amp; Kalb Blog\" \/>\n<meta property=\"article:published_time\" content=\"2013-01-12T16:40:13+00:00\" \/>\n<meta property=\"article:modified_time\" content=\"2021-04-25T11:15:32+00:00\" \/>\n<meta property=\"og:image\" content=\"https:\/\/www.horter.de\/blog\/wp-includes\/images\/smilies\/icon_smile.gif\" \/>\n<meta name=\"author\" content=\"JH\" \/>\n<meta name=\"twitter:card\" content=\"summary_large_image\" \/>\n<meta name=\"twitter:label1\" content=\"Verfasst von\" \/>\n\t<meta name=\"twitter:data1\" content=\"JH\" \/>\n\t<meta name=\"twitter:label2\" content=\"Gesch\u00e4tzte Lesezeit\" \/>\n\t<meta name=\"twitter:data2\" content=\"1\u00a0Minute\" \/>\n<script type=\"application\/ld+json\" class=\"yoast-schema-graph\">{\"@context\":\"https:\/\/schema.org\",\"@graph\":[{\"@type\":\"Article\",\"@id\":\"https:\/\/www.horter.de\/blog\/protool-in-der-vm-ware-mit-usb-adapter\/#article\",\"isPartOf\":{\"@id\":\"https:\/\/www.horter.de\/blog\/protool-in-der-vm-ware-mit-usb-adapter\/\"},\"author\":{\"name\":\"JH\",\"@id\":\"https:\/\/www.horter.de\/blog\/#\/schema\/person\/a8a4c3c5d3167dce7c7d31df6088b5d2\"},\"headline\":\"ProTool in der VM-Ware mit USB-Adapter\",\"datePublished\":\"2013-01-12T16:40:13+00:00\",\"dateModified\":\"2021-04-25T11:15:32+00:00\",\"mainEntityOfPage\":{\"@id\":\"https:\/\/www.horter.de\/blog\/protool-in-der-vm-ware-mit-usb-adapter\/\"},\"wordCount\":258,\"commentCount\":2,\"publisher\":{\"@id\":\"https:\/\/www.horter.de\/blog\/#organization\"},\"image\":{\"@id\":\"https:\/\/www.horter.de\/blog\/protool-in-der-vm-ware-mit-usb-adapter\/#primaryimage\"},\"thumbnailUrl\":\"https:\/\/www.horter.de\/blog\/wp-includes\/images\/smilies\/icon_smile.gif\",\"keywords\":[\"Protool\",\"SIEMENS\",\"SIMATIC\",\"USB-RS232-Adapter\",\"VMWare\",\"VMWARE Player\"],\"articleSection\":[\"SPS-Zubeh\u00f6r\"],\"inLanguage\":\"de\",\"potentialAction\":[{\"@type\":\"CommentAction\",\"name\":\"Comment\",\"target\":[\"https:\/\/www.horter.de\/blog\/protool-in-der-vm-ware-mit-usb-adapter\/#respond\"]}]},{\"@type\":\"WebPage\",\"@id\":\"https:\/\/www.horter.de\/blog\/protool-in-der-vm-ware-mit-usb-adapter\/\",\"url\":\"https:\/\/www.horter.de\/blog\/protool-in-der-vm-ware-mit-usb-adapter\/\",\"name\":\"ProTool in der VM-Ware mit USB-Adapter - Horter &amp; Kalb Blog\",\"isPartOf\":{\"@id\":\"https:\/\/www.horter.de\/blog\/#website\"},\"primaryImageOfPage\":{\"@id\":\"https:\/\/www.horter.de\/blog\/protool-in-der-vm-ware-mit-usb-adapter\/#primaryimage\"},\"image\":{\"@id\":\"https:\/\/www.horter.de\/blog\/protool-in-der-vm-ware-mit-usb-adapter\/#primaryimage\"},\"thumbnailUrl\":\"https:\/\/www.horter.de\/blog\/wp-includes\/images\/smilies\/icon_smile.gif\",\"datePublished\":\"2013-01-12T16:40:13+00:00\",\"dateModified\":\"2021-04-25T11:15:32+00:00\",\"breadcrumb\":{\"@id\":\"https:\/\/www.horter.de\/blog\/protool-in-der-vm-ware-mit-usb-adapter\/#breadcrumb\"},\"inLanguage\":\"de\",\"potentialAction\":[{\"@type\":\"ReadAction\",\"target\":[\"https:\/\/www.horter.de\/blog\/protool-in-der-vm-ware-mit-usb-adapter\/\"]}]},{\"@type\":\"ImageObject\",\"inLanguage\":\"de\",\"@id\":\"https:\/\/www.horter.de\/blog\/protool-in-der-vm-ware-mit-usb-adapter\/#primaryimage\",\"url\":\"https:\/\/www.horter.de\/blog\/wp-includes\/images\/smilies\/icon_smile.gif\",\"contentUrl\":\"https:\/\/www.horter.de\/blog\/wp-includes\/images\/smilies\/icon_smile.gif\"},{\"@type\":\"BreadcrumbList\",\"@id\":\"https:\/\/www.horter.de\/blog\/protool-in-der-vm-ware-mit-usb-adapter\/#breadcrumb\",\"itemListElement\":[{\"@type\":\"ListItem\",\"position\":1,\"name\":\"Start\",\"item\":\"https:\/\/www.horter.de\/blog\/\"},{\"@type\":\"ListItem\",\"position\":2,\"name\":\"ProTool in der VM-Ware mit USB-Adapter\"}]},{\"@type\":\"WebSite\",\"@id\":\"https:\/\/www.horter.de\/blog\/#website\",\"url\":\"https:\/\/www.horter.de\/blog\/\",\"name\":\"Horter & Kalb Blog\",\"description\":\"SPS, I2C und mehr\",\"publisher\":{\"@id\":\"https:\/\/www.horter.de\/blog\/#organization\"},\"potentialAction\":[{\"@type\":\"SearchAction\",\"target\":{\"@type\":\"EntryPoint\",\"urlTemplate\":\"https:\/\/www.horter.de\/blog\/?s={search_term_string}\"},\"query-input\":{\"@type\":\"PropertyValueSpecification\",\"valueRequired\":true,\"valueName\":\"search_term_string\"}}],\"inLanguage\":\"de\"},{\"@type\":\"Organization\",\"@id\":\"https:\/\/www.horter.de\/blog\/#organization\",\"name\":\"Horter & Kalb Blog\",\"url\":\"https:\/\/www.horter.de\/blog\/\",\"logo\":{\"@type\":\"ImageObject\",\"inLanguage\":\"de\",\"@id\":\"https:\/\/www.horter.de\/blog\/#\/schema\/logo\/image\/\",\"url\":\"https:\/\/www.horter.de\/blog\/wp-content\/uploads\/2026\/01\/hoka_Icon_400x400.png\",\"contentUrl\":\"https:\/\/www.horter.de\/blog\/wp-content\/uploads\/2026\/01\/hoka_Icon_400x400.png\",\"width\":400,\"height\":400,\"caption\":\"Horter & Kalb Blog\"},\"image\":{\"@id\":\"https:\/\/www.horter.de\/blog\/#\/schema\/logo\/image\/\"}},{\"@type\":\"Person\",\"@id\":\"https:\/\/www.horter.de\/blog\/#\/schema\/person\/a8a4c3c5d3167dce7c7d31df6088b5d2\",\"name\":\"JH\",\"image\":{\"@type\":\"ImageObject\",\"inLanguage\":\"de\",\"@id\":\"https:\/\/www.horter.de\/blog\/#\/schema\/person\/image\/\",\"url\":\"https:\/\/www.horter.de\/blog\/wp-content\/uploads\/2015\/07\/jhfb.jpg\",\"contentUrl\":\"https:\/\/www.horter.de\/blog\/wp-content\/uploads\/2015\/07\/jhfb.jpg\",\"caption\":\"JH\"},\"url\":\"https:\/\/www.horter.de\/blog\/author\/j-horter\/\"}]}<\/script>\n<!-- \/ Yoast SEO plugin. -->","yoast_head_json":{"title":"ProTool in der VM-Ware mit USB-Adapter - Horter &amp; Kalb Blog","robots":{"index":"index","follow":"follow","max-snippet":"max-snippet:-1","max-image-preview":"max-image-preview:large","max-video-preview":"max-video-preview:-1"},"canonical":"https:\/\/www.horter.de\/blog\/protool-in-der-vm-ware-mit-usb-adapter\/","og_locale":"de_DE","og_type":"article","og_title":"ProTool in der VM-Ware mit USB-Adapter - Horter &amp; Kalb Blog","og_description":"SIEMENS PROTOOL l\u00e4uft in der VMWare. In folgende Testumgebung haben wir jetzt auch Protool Version 6 SP3 erfolgreich zum Laufen bekommen. Betriebssystem Windows 7 Pro 64 Bit Kostenloser Vmware Player Version 5.0.1 build-894247 Installiertes Microsoft Windows XP Professional 32 Bit... mehr lesen","og_url":"https:\/\/www.horter.de\/blog\/protool-in-der-vm-ware-mit-usb-adapter\/","og_site_name":"Horter &amp; Kalb Blog","article_published_time":"2013-01-12T16:40:13+00:00","article_modified_time":"2021-04-25T11:15:32+00:00","og_image":[{"url":"https:\/\/www.horter.de\/blog\/wp-includes\/images\/smilies\/icon_smile.gif","type":"","width":"","height":""}],"author":"JH","twitter_card":"summary_large_image","twitter_misc":{"Verfasst von":"JH","Gesch\u00e4tzte Lesezeit":"1\u00a0Minute"},"schema":{"@context":"https:\/\/schema.org","@graph":[{"@type":"Article","@id":"https:\/\/www.horter.de\/blog\/protool-in-der-vm-ware-mit-usb-adapter\/#article","isPartOf":{"@id":"https:\/\/www.horter.de\/blog\/protool-in-der-vm-ware-mit-usb-adapter\/"},"author":{"name":"JH","@id":"https:\/\/www.horter.de\/blog\/#\/schema\/person\/a8a4c3c5d3167dce7c7d31df6088b5d2"},"headline":"ProTool in der VM-Ware mit USB-Adapter","datePublished":"2013-01-12T16:40:13+00:00","dateModified":"2021-04-25T11:15:32+00:00","mainEntityOfPage":{"@id":"https:\/\/www.horter.de\/blog\/protool-in-der-vm-ware-mit-usb-adapter\/"},"wordCount":258,"commentCount":2,"publisher":{"@id":"https:\/\/www.horter.de\/blog\/#organization"},"image":{"@id":"https:\/\/www.horter.de\/blog\/protool-in-der-vm-ware-mit-usb-adapter\/#primaryimage"},"thumbnailUrl":"https:\/\/www.horter.de\/blog\/wp-includes\/images\/smilies\/icon_smile.gif","keywords":["Protool","SIEMENS","SIMATIC","USB-RS232-Adapter","VMWare","VMWARE Player"],"articleSection":["SPS-Zubeh\u00f6r"],"inLanguage":"de","potentialAction":[{"@type":"CommentAction","name":"Comment","target":["https:\/\/www.horter.de\/blog\/protool-in-der-vm-ware-mit-usb-adapter\/#respond"]}]},{"@type":"WebPage","@id":"https:\/\/www.horter.de\/blog\/protool-in-der-vm-ware-mit-usb-adapter\/","url":"https:\/\/www.horter.de\/blog\/protool-in-der-vm-ware-mit-usb-adapter\/","name":"ProTool in der VM-Ware mit USB-Adapter - Horter &amp; Kalb Blog","isPartOf":{"@id":"https:\/\/www.horter.de\/blog\/#website"},"primaryImageOfPage":{"@id":"https:\/\/www.horter.de\/blog\/protool-in-der-vm-ware-mit-usb-adapter\/#primaryimage"},"image":{"@id":"https:\/\/www.horter.de\/blog\/protool-in-der-vm-ware-mit-usb-adapter\/#primaryimage"},"thumbnailUrl":"https:\/\/www.horter.de\/blog\/wp-includes\/images\/smilies\/icon_smile.gif","datePublished":"2013-01-12T16:40:13+00:00","dateModified":"2021-04-25T11:15:32+00:00","breadcrumb":{"@id":"https:\/\/www.horter.de\/blog\/protool-in-der-vm-ware-mit-usb-adapter\/#breadcrumb"},"inLanguage":"de","potentialAction":[{"@type":"ReadAction","target":["https:\/\/www.horter.de\/blog\/protool-in-der-vm-ware-mit-usb-adapter\/"]}]},{"@type":"ImageObject","inLanguage":"de","@id":"https:\/\/www.horter.de\/blog\/protool-in-der-vm-ware-mit-usb-adapter\/#primaryimage","url":"https:\/\/www.horter.de\/blog\/wp-includes\/images\/smilies\/icon_smile.gif","contentUrl":"https:\/\/www.horter.de\/blog\/wp-includes\/images\/smilies\/icon_smile.gif"},{"@type":"BreadcrumbList","@id":"https:\/\/www.horter.de\/blog\/protool-in-der-vm-ware-mit-usb-adapter\/#breadcrumb","itemListElement":[{"@type":"ListItem","position":1,"name":"Start","item":"https:\/\/www.horter.de\/blog\/"},{"@type":"ListItem","position":2,"name":"ProTool in der VM-Ware mit USB-Adapter"}]},{"@type":"WebSite","@id":"https:\/\/www.horter.de\/blog\/#website","url":"https:\/\/www.horter.de\/blog\/","name":"Horter & Kalb Blog","description":"SPS, I2C und mehr","publisher":{"@id":"https:\/\/www.horter.de\/blog\/#organization"},"potentialAction":[{"@type":"SearchAction","target":{"@type":"EntryPoint","urlTemplate":"https:\/\/www.horter.de\/blog\/?s={search_term_string}"},"query-input":{"@type":"PropertyValueSpecification","valueRequired":true,"valueName":"search_term_string"}}],"inLanguage":"de"},{"@type":"Organization","@id":"https:\/\/www.horter.de\/blog\/#organization","name":"Horter & Kalb Blog","url":"https:\/\/www.horter.de\/blog\/","logo":{"@type":"ImageObject","inLanguage":"de","@id":"https:\/\/www.horter.de\/blog\/#\/schema\/logo\/image\/","url":"https:\/\/www.horter.de\/blog\/wp-content\/uploads\/2026\/01\/hoka_Icon_400x400.png","contentUrl":"https:\/\/www.horter.de\/blog\/wp-content\/uploads\/2026\/01\/hoka_Icon_400x400.png","width":400,"height":400,"caption":"Horter & Kalb Blog"},"image":{"@id":"https:\/\/www.horter.de\/blog\/#\/schema\/logo\/image\/"}},{"@type":"Person","@id":"https:\/\/www.horter.de\/blog\/#\/schema\/person\/a8a4c3c5d3167dce7c7d31df6088b5d2","name":"JH","image":{"@type":"ImageObject","inLanguage":"de","@id":"https:\/\/www.horter.de\/blog\/#\/schema\/person\/image\/","url":"https:\/\/www.horter.de\/blog\/wp-content\/uploads\/2015\/07\/jhfb.jpg","contentUrl":"https:\/\/www.horter.de\/blog\/wp-content\/uploads\/2015\/07\/jhfb.jpg","caption":"JH"},"url":"https:\/\/www.horter.de\/blog\/author\/j-horter\/"}]}},"_links":{"self":[{"href":"https:\/\/www.horter.de\/blog\/wp-json\/wp\/v2\/posts\/382","targetHints":{"allow":["GET"]}}],"collection":[{"href":"https:\/\/www.horter.de\/blog\/wp-json\/wp\/v2\/posts"}],"about":[{"href":"https:\/\/www.horter.de\/blog\/wp-json\/wp\/v2\/types\/post"}],"author":[{"embeddable":true,"href":"https:\/\/www.horter.de\/blog\/wp-json\/wp\/v2\/users\/3"}],"replies":[{"embeddable":true,"href":"https:\/\/www.horter.de\/blog\/wp-json\/wp\/v2\/comments?post=382"}],"version-history":[{"count":9,"href":"https:\/\/www.horter.de\/blog\/wp-json\/wp\/v2\/posts\/382\/revisions"}],"predecessor-version":[{"id":28134,"href":"https:\/\/www.horter.de\/blog\/wp-json\/wp\/v2\/posts\/382\/revisions\/28134"}],"wp:attachment":[{"href":"https:\/\/www.horter.de\/blog\/wp-json\/wp\/v2\/media?parent=382"}],"wp:term":[{"taxonomy":"category","embeddable":true,"href":"https:\/\/www.horter.de\/blog\/wp-json\/wp\/v2\/categories?post=382"},{"taxonomy":"post_tag","embeddable":true,"href":"https:\/\/www.horter.de\/blog\/wp-json\/wp\/v2\/tags?post=382"}],"curies":[{"name":"wp","href":"https:\/\/api.w.org\/{rel}","templated":true}]}}